{"id":15881,"date":"2022-04-08T06:00:00","date_gmt":"2022-04-08T06:00:00","guid":{"rendered":"http:\/\/berghahnbooks.com\/blog\/?p=15881"},"modified":"2025-04-01T14:30:06","modified_gmt":"2025-04-01T14:30:06","slug":"international-roma-day","status":"publish","type":"post","link":"https:\/\/www.berghahnbooks.com\/blog\/international-roma-day","title":{"rendered":"International Roma Day"},"content":{"rendered":"\n<div style=\"height:100px\" aria-hidden=\"true\" class=\"wp-block-spacer\"><\/div>\n\n\n\n<figure class=\"wp-block-image size-large is-resized\"><a href=\"https:\/\/berghahnbooks.com\/series\/romani-studies\"><img loading=\"lazy\" decoding=\"async\" src=\"https:\/\/berghahnbooks.com\/blog\/wp-content\/uploads\/2021\/04\/RomaniStudiesSeries-Twitter-1024x576.png\" alt=\"\" class=\"wp-image-15883\" width=\"768\" height=\"432\" srcset=\"https:\/\/www.berghahnbooks.com\/blog\/wp-content\/uploads\/2021\/04\/RomaniStudiesSeries-Twitter-1024x576.png 1024w, https:\/\/www.berghahnbooks.com\/blog\/wp-content\/uploads\/2021\/04\/RomaniStudiesSeries-Twitter-300x169.png 300w, https:\/\/www.berghahnbooks.com\/blog\/wp-content\/uploads\/2021\/04\/RomaniStudiesSeries-Twitter-768x432.png 768w, https:\/\/www.berghahnbooks.com\/blog\/wp-content\/uploads\/2021\/04\/RomaniStudiesSeries-Twitter.png 1200w\" sizes=\"(max-width: 768px) 100vw, 768px\" \/><\/a><\/figure>\n\n\n<h3><strong>International Roma Day (8 April)<\/strong>&nbsp;recognizes the history and celebrates the cultures, traditions, and contributions of Gypsy, Roma, and Traveler communities.<\/h3>\n\n\n<!--more-->\n\n\n\n<h4 class=\"wp-block-heading\">In commemoration of this day, we are delighted to spotlight our growing&nbsp;Romani Studies&nbsp;series, <a href=\"https:\/\/www.berghahnbooks.com\/series\/romani-studies\">New Directions in Romani Studies<\/a>.&nbsp;This series aims to remove the stigma surrounding Roma scholarship, to engage with the controversies regarding Roma identity and, in this way, counter anti-Roma racism. Scroll down for new and featured titles in this important series, as well as related titles on Roma Studies. <\/h4>\n\n\n\n<hr class=\"wp-block-separator\"\/>\n\n\n\n<div style=\"height:20px\" aria-hidden=\"true\" class=\"wp-block-spacer\"><\/div>\n\n\n\n<h1 class=\"has-very-dark-gray-color has-text-color wp-block-heading\">Romani Studies<\/h1>\n\n\n\n<div style=\"height:20px\" aria-hidden=\"true\" class=\"wp-block-spacer\"><\/div>\n\n\n\n<div class=\"wp-block-image\"><figure class=\"alignleft size-large is-resized\"><img loading=\"lazy\" decoding=\"async\" src=\"https:\/\/berghahnbooks.com\/blog\/wp-content\/uploads\/2022\/04\/RaclesTextures.jpg\" alt=\"\" class=\"wp-image-17208\" width=\"201\" height=\"298\" srcset=\"https:\/\/www.berghahnbooks.com\/blog\/wp-content\/uploads\/2022\/04\/RaclesTextures.jpg 600w, https:\/\/www.berghahnbooks.com\/blog\/wp-content\/uploads\/2022\/04\/RaclesTextures-202x300.jpg 202w\" sizes=\"(max-width: 201px) 100vw, 201px\" \/><\/figure><\/div>\n\n\n\n<p><a href=\"https:\/\/www.berghahnbooks.com\/title\/RaclesTextures\">TEXTURES OF BELONGING<br><\/a><strong>Senses, Objects and Spaces of Romanian Roma<\/strong><br><em>Andreea Racle\u015f<\/em><br><br>The longstanding European conception that Roma and non-Roma are separated by unambiguous socio-cultural distinctions has led to the construction of Roma as \u201cnon-belonging others.\u201d Challenging this conception, <em>Textures of Belonging<\/em> explores how Roma negotiate and feel belonging at the everyday level. Inspired by material culture, sensorial anthropology, and human geography approaches, this book uses ethnographic research to examine the role of domestic material forms and their sensorial qualities in nurturing connections with people and places that transcend socio-political boundaries.<\/p>\n\n\n\n<div style=\"height:20px\" aria-hidden=\"true\" class=\"wp-block-spacer\"><\/div>\n\n\n\n<div class=\"wp-block-image\"><figure class=\"alignleft size-large is-resized\"><a href=\"https:\/\/www.berghahnbooks.com\/title\/KoczeRoma\"><img loading=\"lazy\" decoding=\"async\" src=\"https:\/\/www.berghahnbooks.com\/covers\/KoczeRoma.jpg\" alt=\"\" width=\"200\" height=\"298\"\/><\/a><\/figure><\/div>\n\n\n\n<p><a rel=\"noreferrer noopener\" href=\"https:\/\/www.berghahnbooks.com\/title\/KoczeRoma\" target=\"_blank\">THE ROMA AND THEIR STRUGGLE FOR IDENTITYIN CONTEMPORARY EUROPE<\/a><br><em>Edited by Huub van Baar and Ang\u00e9la K\u00f3cz\u00e9<\/em><br><br>Thirty years after the collapse of Communism, and at a time of increasing anti-migrant and anti-Roma sentiment, this book analyses how Roma identity is expressed in contemporary Europe. From backgrounds ranging from political theory, postcolonial, cultural and gender studies to art history, feminist critique and anthropology, the contributors reflect on the extent to which a politics of identity regarding historically disadvantaged, racialized minorities such as the Roma can still be legitimately articulated.<\/p>\n\n\n\n<div style=\"height:20px\" aria-hidden=\"true\" class=\"wp-block-spacer\"><\/div>\n\n\n\n<div class=\"wp-block-image\"><figure class=\"alignleft size-large is-resized\"><a href=\"https:\/\/www.berghahnbooks.com\/title\/MarinovInward\"><img loading=\"lazy\" decoding=\"async\" src=\"https:\/\/www.berghahnbooks.com\/covers\/MarinovInward.jpg\" alt=\"\" width=\"200\" height=\"297\"\/><\/a><\/figure><\/div>\n\n\n\n<p><a rel=\"noreferrer noopener\" href=\"https:\/\/www.berghahnbooks.com\/title\/MarinovInward\" target=\"_blank\">INWARD LOOKING<\/a><br><strong>The Impact of Migration on Romanipe from the Romani Perspective<\/strong><br><em>Aleksandar G. Marinov<\/em><br><br>At present, Roma are an integral part of Europe, though they face structural and social inequalities and different forms of exclusion and discrimination.&nbsp;<em>Inward Looking<\/em>&nbsp;seeks to understand the relationship between Romani identity, performance and migration. Particularly, it studies the idea of \u2018Romanipe\u2019 through the prism of the personal accounts of Romani migrants.It also seeks to understand the relationships between the Romani groups in Europe, due to their increased travel and convergence, and predict the effects of migration on (new) Romani consciousness. The findings are based on qualitative data gathered from Romani migrants from three towns in Bulgaria.<\/p>\n\n\n\n<div style=\"height:20px\" aria-hidden=\"true\" class=\"wp-block-spacer\"><\/div>\n\n\n\n<div class=\"wp-block-image\"><figure class=\"alignleft size-large is-resized\"><a href=\"https:\/\/www.berghahnbooks.com\/title\/BeckRoma\"><img loading=\"lazy\" decoding=\"async\" src=\"https:\/\/www.berghahnbooks.com\/covers\/BeckRoma.jpg\" alt=\"\" width=\"200\" height=\"300\"\/><\/a><\/figure><\/div>\n\n\n\n<p><strong><em>Available in Paperback<\/em><\/strong><br><a rel=\"noreferrer noopener\" href=\"https:\/\/www.berghahnbooks.com\/title\/BeckRoma\" target=\"_blank\">ROMA ACTIVISM<\/a><br><strong>Reimagining Power and Knowledge<\/strong><br><em>Edited by Sam Beck and Ana Ivasiuc<\/em><br><br>\u201c<em>This volume offers a wide array of perspectives for those wishing to better understand critical debates within Romani studies and Roma\/pro-Roma activism. It will in particular be a welcome contribution for those already invested in these spheres and wishing for in-depth analyses of shifts and trends in knowledge production and mobilisation<\/em>.\u201d&nbsp;<strong>\u2022 Social Anthropology\/anthropologie sociale<\/strong><\/p>\n\n\n\n<div style=\"height:20px\" aria-hidden=\"true\" class=\"wp-block-spacer\"><\/div>\n\n\n\n<p class=\"has-background has-very-light-gray-background-color\"><a href=\"https:\/\/www.berghahnbooks.com\/series\/romani-studies\">NEW DIRECTIONS IN ROMANI STUDIES<\/a><strong>&nbsp;<em>SERIES<\/em><\/strong><br>Editors:&nbsp;<strong>Huub van Baar,<\/strong> <em>Leuven University<\/em><br><strong>Ang\u00e9la K\u00f3cz\u00e9, <\/strong><em>Central European University   <\/em>  <em><br><\/em><br>In the course of the twenty-first century, Europe has become aware that the Roma are its largest minority, with an estimated population of 11 million people. As a result, Romani Studies has emerged as an interdisciplinary field that offers perspectives derived from the humanities and social sciences in the context of state and transnational institutions.<br><\/p>\n\n\n\n<div style=\"height:20px\" aria-hidden=\"true\" class=\"wp-block-spacer\"><\/div>\n\n\n\n<h1 class=\"wp-block-heading\">Related Titles<\/h1>\n\n\n\n<div style=\"height:20px\" aria-hidden=\"true\" class=\"wp-block-spacer\"><\/div>\n\n\n\n<div class=\"wp-block-image\"><figure class=\"alignleft size-large is-resized\"><a href=\"https:\/\/berghahnbooks.com\/title\/SzemanStaging\"><img loading=\"lazy\" decoding=\"async\" src=\"https:\/\/www.berghahnbooks.com\/covers\/SzemanStaging.jpg\" alt=\"\" width=\"100\" height=\"150\"\/><\/a><\/figure><\/div>\n\n\n\n<p><a rel=\"noreferrer noopener\" href=\"https:\/\/berghahnbooks.com\/title\/SzemanStaging\" target=\"_blank\">STAGING CITIZENSHIP<\/a><br><strong>Roma, Performance and Belongingin EU Romania<\/strong><br><em>Ioana Szeman<\/em><br>Vol. 11,&nbsp;<a rel=\"noreferrer noopener\" href=\"https:\/\/berghahnbooks.com\/series\/dance-and-performance-studies\" target=\"_blank\">Dance and Performance Studies<\/a><br>Read&nbsp;<a rel=\"noreferrer noopener\" href=\"https:\/\/berghahnbooks.com\/downloads\/intros\/SzemanStaging_intro.pdf\" target=\"_blank\">Introduction<\/a><\/p>\n\n\n\n<div style=\"height:20px\" aria-hidden=\"true\" class=\"wp-block-spacer\"><\/div>\n\n\n\n<div class=\"wp-block-image\"><figure class=\"alignleft size-large is-resized\"><a href=\"https:\/\/berghahnbooks.com\/title\/VermeerschRomani\"><img loading=\"lazy\" decoding=\"async\" src=\"https:\/\/www.berghahnbooks.com\/covers\/VermeerschRomani.jpg\" alt=\"\" width=\"100\" height=\"150\"\/><\/a><\/figure><\/div>\n\n\n\n<p><a rel=\"noreferrer noopener\" href=\"https:\/\/berghahnbooks.com\/title\/VermeerschRomani\" target=\"_blank\">THE ROMANI MOVEMENT<\/a><br><strong>Minority Politics and Ethnic Mobilization in Contemporary Central Europe<\/strong><br><em>Peter Vermeersch<\/em><br>Vol. 4,&nbsp;<a rel=\"noreferrer noopener\" href=\"https:\/\/berghahnbooks.com\/series\/ethnopolitics\" target=\"_blank\">Ethnopolitics<\/a><br>Read&nbsp;<a rel=\"noreferrer noopener\" href=\"https:\/\/berghahnbooks.com\/downloads\/intros\/VermeerschRomani_intro.pdf\" target=\"_blank\">Introduction<\/a><\/p>\n\n\n\n<div style=\"height:20px\" aria-hidden=\"true\" class=\"wp-block-spacer\"><\/div>\n\n\n\n<div class=\"wp-block-image\"><figure class=\"alignleft size-large is-resized\"><a href=\"https:\/\/berghahnbooks.com\/title\/BrazzabeniGypsy\"><img loading=\"lazy\" decoding=\"async\" src=\"https:\/\/www.berghahnbooks.com\/covers\/BrazzabeniGypsy.jpg\" alt=\"\" width=\"100\" height=\"149\"\/><\/a><\/figure><\/div>\n\n\n\n<p><a rel=\"noreferrer noopener\" href=\"https:\/\/berghahnbooks.com\/title\/BrazzabeniGypsy\" target=\"_blank\">GYPSY ECONOMY<\/a><br><strong>Romani Livelihoods and Notions of Worth in the 21st Century<\/strong><br><em>Edited by Micol Brazzabeni, Manuela Ivone Cunha, and Martin Fotta<\/em><br>Vol. 3,&nbsp;<a rel=\"noreferrer noopener\" href=\"https:\/\/berghahnbooks.com\/series\/human-economy\" target=\"_blank\">The Human Economy<\/a><br>Read&nbsp;<a rel=\"noreferrer noopener\" href=\"https:\/\/berghahnbooks.com\/downloads\/intros\/BrazzabeniGypsy_intro.pdf\" target=\"_blank\">Introduction<\/a><\/p>\n\n\n\n<div style=\"height:20px\" aria-hidden=\"true\" class=\"wp-block-spacer\"><\/div>\n\n\n\n<div class=\"wp-block-image\"><figure class=\"alignleft size-large is-resized\"><a href=\"https:\/\/berghahnbooks.com\/title\/Weiss-WendtNazi\"><img loading=\"lazy\" decoding=\"async\" src=\"https:\/\/www.berghahnbooks.com\/covers\/Weiss-WendtNazi.jpg\" alt=\"\" width=\"100\" height=\"150\"\/><\/a><\/figure><\/div>\n\n\n\n<p><a rel=\"noreferrer noopener\" href=\"https:\/\/berghahnbooks.com\/title\/Weiss-WendtNazi\" target=\"_blank\">THE NAZI GENOCIDE OF THE ROMA<\/a><br><strong>Reassessmentand Commemoration<\/strong><br><em>Edited by AntonWeiss-Wendt<\/em><br>Vol. 17,&nbsp;<a rel=\"noreferrer noopener\" href=\"https:\/\/berghahnbooks.com\/series\/war-and-genocide\" target=\"_blank\">War and Genocide<\/a><\/p>\n\n\n\n<div style=\"height:20px\" aria-hidden=\"true\" class=\"wp-block-spacer\"><\/div>\n\n\n\n<h4 class=\"wp-block-heading\"><strong>Featured Articles from Berghahn Journals<\/strong><\/h4>\n\n\n\n<p><strong>Open Access Articles<\/strong><\/p>\n\n\n\n<div class=\"wp-block-image\"><figure class=\"alignleft size-large is-resized\"><img loading=\"lazy\" decoding=\"async\" src=\"http:\/\/berghahnbooks.com\/blog\/wp-content\/uploads\/2022\/04\/FCL-92.jpg\" alt=\"\" class=\"wp-image-17194\" width=\"122\" height=\"183\" srcset=\"https:\/\/www.berghahnbooks.com\/blog\/wp-content\/uploads\/2022\/04\/FCL-92.jpg 600w, https:\/\/www.berghahnbooks.com\/blog\/wp-content\/uploads\/2022\/04\/FCL-92-200x300.jpg 200w\" sizes=\"(max-width: 122px) 100vw, 122px\" \/><\/figure><\/div>\n\n\n\n<p><strong><a href=\"https:\/\/www.berghahnjournals.com\/view\/journals\/focaal\/focaal-overview.xml\">FOCAAL<\/a><\/strong><br><em><a href=\"https:\/\/www.berghahnjournals.com\/view\/journals\/focaal\/2022\/92\/fcl920107.xml\">The stable stranger: Constructing \u201cthe Roma\u201d within the European neoliberal culture complex<\/a><\/em><br>Marianne Blom Brodersen and Emil Andr\u00e9 R\u00f8yrvik <a href=\"https:\/\/www.berghahnjournals.com\/view\/journals\/focaal\/2022\/92\/focaal.2022.issue-92.xml\">(Vol. 2022, Issue 92)<\/a><\/p>\n\n\n\n<p><em><a href=\"https:\/\/www.berghahnjournals.com\/view\/journals\/focaal\/2020\/87\/fcl870105.xml?rskey=35PWQt&amp;result=27\">Austrian \u201cGypsies\u201d in the Italian archives: Historical ethnography on multiple border crossings at the beginning of the twentieth century<\/a><\/em><br>Paola Trevisan <a href=\"https:\/\/www.berghahnjournals.com\/view\/journals\/focaal\/2020\/87\/focaal.2020.issue-87.xml\">(Vol. 2020, Issue 87)<\/a><\/p>\n\n\n\n<div style=\"height:20px\" aria-hidden=\"true\" class=\"wp-block-spacer\"><\/div>\n\n\n\n<p><strong>Free Access until April 17, 2022<\/strong><\/p>\n\n\n\n<div class=\"wp-block-image\"><figure class=\"alignleft size-large is-resized\"><img loading=\"lazy\" decoding=\"async\" src=\"http:\/\/berghahnbooks.com\/blog\/wp-content\/uploads\/2022\/03\/AJEC-22-cvr-676x1024.jpg\" alt=\"\" class=\"wp-image-17163\" width=\"124\" height=\"187\" srcset=\"https:\/\/www.berghahnbooks.com\/blog\/wp-content\/uploads\/2022\/03\/AJEC-22-cvr-676x1024.jpg 676w, https:\/\/www.berghahnbooks.com\/blog\/wp-content\/uploads\/2022\/03\/AJEC-22-cvr-198x300.jpg 198w, https:\/\/www.berghahnbooks.com\/blog\/wp-content\/uploads\/2022\/03\/AJEC-22-cvr-768x1164.jpg 768w, https:\/\/www.berghahnbooks.com\/blog\/wp-content\/uploads\/2022\/03\/AJEC-22-cvr-1014x1536.jpg 1014w, https:\/\/www.berghahnbooks.com\/blog\/wp-content\/uploads\/2022\/03\/AJEC-22-cvr.jpg 1050w\" sizes=\"(max-width: 124px) 100vw, 124px\" \/><\/figure><\/div>\n\n\n\n<p><strong><a href=\"https:\/\/www.berghahnjournals.com\/view\/journals\/ajec\/ajec-overview.xml\">ANTHROPOLOGICAL JOURNAL OF EUROPEAN CULTURES<\/a><\/strong><br><em><a href=\"https:\/\/www.berghahnjournals.com\/view\/journals\/ajec\/28\/1\/ajec280105.xml?rskey=p4MRfH&amp;result=53\">Emplacing Smells: Spatialities and Materialities of \u2018Gypsiness\u2019<\/a><\/em><br>Andreea Racle\u0219 and Ana Ivasiuc <a href=\"https:\/\/www.berghahnjournals.com\/view\/journals\/ajec\/28\/1\/ajec.28.issue-1.xml\">(Vol. 28, Issue 1)<\/a><\/p>\n\n\n\n<div style=\"height:20px\" aria-hidden=\"true\" class=\"wp-block-spacer\"><\/div>\n\n\n\n<div class=\"wp-block-image\"><figure class=\"alignleft size-large is-resized\"><img loading=\"lazy\" decoding=\"async\" src=\"https:\/\/berghahnbooks.com\/blog\/wp-content\/uploads\/2022\/04\/boyhood-studies_cover_Updated.jpg\" alt=\"\" class=\"wp-image-17209\" width=\"125\" height=\"188\" srcset=\"https:\/\/www.berghahnbooks.com\/blog\/wp-content\/uploads\/2022\/04\/boyhood-studies_cover_Updated.jpg 600w, https:\/\/www.berghahnbooks.com\/blog\/wp-content\/uploads\/2022\/04\/boyhood-studies_cover_Updated-200x300.jpg 200w\" sizes=\"(max-width: 125px) 100vw, 125px\" \/><\/figure><\/div>\n\n\n\n<p><strong><a href=\"https:\/\/www.berghahnjournals.com\/view\/journals\/boyhood-studies\/boyhood-studies-overview.xml\">BOYHOOD STUDIES<\/a><\/strong><br><em><a href=\"https:\/\/www.berghahnjournals.com\/view\/journals\/boyhood-studies\/12\/2\/bhs120205.xml?rskey=45FyEO&amp;result=43\">\u201cIt&#8217;s Not Being Racist, but \u2026 \u201d: A Youth Gang and the Creation of Belonging Based on \u201cOthering\u201d<\/a><\/em><br>Sinead Gormally <a href=\"https:\/\/www.berghahnjournals.com\/view\/journals\/boyhood-studies\/12\/2\/boyhood-studies.12.issue-2.xml\">(Vol. 12, Issue 2)<\/a><\/p>\n\n\n\n<div style=\"height:20px\" aria-hidden=\"true\" class=\"wp-block-spacer\"><\/div>\n\n\n\n<div class=\"wp-block-image\"><figure class=\"alignleft size-large is-resized\"><img loading=\"lazy\" decoding=\"async\" src=\"http:\/\/berghahnbooks.com\/blog\/wp-content\/uploads\/2022\/04\/FCL-92.jpg\" alt=\"\" class=\"wp-image-17194\" width=\"122\" height=\"183\" srcset=\"https:\/\/www.berghahnbooks.com\/blog\/wp-content\/uploads\/2022\/04\/FCL-92.jpg 600w, https:\/\/www.berghahnbooks.com\/blog\/wp-content\/uploads\/2022\/04\/FCL-92-200x300.jpg 200w\" sizes=\"(max-width: 122px) 100vw, 122px\" \/><\/figure><\/div>\n\n\n\n<p><strong><a href=\"https:\/\/www.berghahnjournals.com\/view\/journals\/focaal\/focaal-overview.xml\">FOCAAL<\/a><\/strong><br><em><a href=\"https:\/\/www.berghahnjournals.com\/view\/journals\/focaal\/2019\/84\/fcl840102.xml?rskey=45FyEO&amp;result=47\">Eyes wide shut: Il\/legality and solidarity in housing struggles in (post)socialist Sofia and Caracas<\/a><\/em><br>Mariya Ivancheva and Stefan Krastev <a href=\"https:\/\/www.berghahnjournals.com\/view\/journals\/focaal\/2019\/84\/focaal.2019.issue-84.xml\">(Vol. 2019, Issue 84)<\/a><\/p>\n\n\n\n<div style=\"height:20px\" aria-hidden=\"true\" class=\"wp-block-spacer\"><\/div>\n\n\n\n<div style=\"height:20px\" aria-hidden=\"true\" class=\"wp-block-spacer\"><\/div>\n","protected":false},"excerpt":{"rendered":"<p>International Roma Day (8 April)&nbsp;recognizes the history and celebrates the cultures, traditions, and contributions of Gypsy, Roma, and Traveler communities.<\/p>\n","protected":false},"author":18,"featured_media":15883,"comment_status":"closed","ping_status":"open","sticky":false,"template":"","format":"standard","meta":{"footnotes":""},"categories":[1],"tags":[1041,107,1778,294,1740,111,113,1782,1360,1771,1837,550,267,1838,1662,1781,1601,275,1043,1364,913,1040,1359,204,1361,1745,271],"_links":{"self":[{"href":"https:\/\/www.berghahnbooks.com\/blog\/wp-json\/wp\/v2\/posts\/15881"}],"collection":[{"href":"https:\/\/www.berghahnbooks.com\/blog\/wp-json\/wp\/v2\/posts"}],"about":[{"href":"https:\/\/www.berghahnbooks.com\/blog\/wp-json\/wp\/v2\/types\/post"}],"author":[{"embeddable":true,"href":"https:\/\/www.berghahnbooks.com\/blog\/wp-json\/wp\/v2\/users\/18"}],"replies":[{"embeddable":true,"href":"https:\/\/www.berghahnbooks.com\/blog\/wp-json\/wp\/v2\/comments?post=15881"}],"version-history":[{"count":14,"href":"https:\/\/www.berghahnbooks.com\/blog\/wp-json\/wp\/v2\/posts\/15881\/revisions"}],"predecessor-version":[{"id":17216,"href":"https:\/\/www.berghahnbooks.com\/blog\/wp-json\/wp\/v2\/posts\/15881\/revisions\/17216"}],"wp:featuredmedia":[{"embeddable":true,"href":"https:\/\/www.berghahnbooks.com\/blog\/wp-json\/wp\/v2\/media\/15883"}],"wp:attachment":[{"href":"https:\/\/www.berghahnbooks.com\/blog\/wp-json\/wp\/v2\/media?parent=15881"}],"wp:term":[{"taxonomy":"category","embeddable":true,"href":"https:\/\/www.berghahnbooks.com\/blog\/wp-json\/wp\/v2\/categories?post=15881"},{"taxonomy":"post_tag","embeddable":true,"href":"https:\/\/www.berghahnbooks.com\/blog\/wp-json\/wp\/v2\/tags?post=15881"}],"curies":[{"name":"wp","href":"https:\/\/api.w.org\/{rel}","templated":true}]}}